{
    "id": 8155,
    "date": "2024-08-12T17:10:44",
    "date_gmt": "2024-08-12T14:10:44",
    "guid": {
        "rendered": "https:\/\/visitoulu.fi\/?p=8155"
    },
    "modified": "2025-08-26T11:05:07",
    "modified_gmt": "2025-08-26T08:05:07",
    "slug": "oulun-syksy-2025-9-vinkkia-koe-nama-tapahtumat-elamykset-ja-luontokohteet-oulussa-tana-syksyna",
    "status": "publish",
    "type": "post",
    "link": "https:\/\/visitoulufi-2025-10-14_10_27_17.test.cchosting.fi\/fi\/oulun-syksy-2025-9-vinkkia-koe-nama-tapahtumat-elamykset-ja-luontokohteet-oulussa-tana-syksyna\/",
    "title": {
        "rendered": "Oulun syksy 2025 \u2013\u00a09 vinkki\u00e4: koe n\u00e4m\u00e4 tapahtumat, el\u00e4mykset ja luontokohteet Oulussa t\u00e4n\u00e4 syksyn\u00e4!"
    },
    "content": {
        "rendered": "<p>Syksyinen Oulu hemmottelee luonnon ja kulttuurin yst\u00e4vi\u00e4! Tulevana syksyn\u00e4 Oulussa nautitaan taiteesta, teatterista ja kulttuuritapahtumista. L\u00e4hiluontokohteet tarjoavat monipuolisia aktiviteetteja retkeilyst\u00e4 maastopy\u00f6r\u00e4ilyyn ja melontaan, ja l\u00f6ytyyp\u00e4 kaupungista rutkasti mukavaa tekemist\u00e4 ja koettavaa lasten kanssa! L\u00f6yd\u00e4t t\u00e4st\u00e4 artikkelista kootusti&nbsp;tapahtuma- ja kulttuurivinkit, syksyiset luontoaktiviteetit&nbsp;sek\u00e4 syyslomavinkit Ouluun lasten kanssa.<\/p>\n\n\n\n<p><\/p>",
        "protected": false
    },
    "excerpt": {
        "rendered": "<p>Syksyinen Oulu hemmottelee luonnon ja kulttuurin yst\u00e4vi\u00e4! Tulevana syksyn\u00e4 Oulussa nautitaan taiteesta, teatterista ja kulttuuritapahtumista. L\u00e4hiluontokohteet tarjoavat monipuolisia aktiviteetteja retkeilyst\u00e4 maastopy\u00f6r\u00e4ilyyn ja melontaan, ja l\u00f6ytyyp\u00e4 kaupungista rutkasti mukavaa tekemist\u00e4 ja koettavaa lasten kanssa! L\u00f6yd\u00e4t t\u00e4st\u00e4 artikkelista kootusti&nbsp;tapahtuma- ja kulttuurivinkit, syksyiset luontoaktiviteetit&nbsp;sek\u00e4 syyslomavinkit Ouluun lasten kanssa. [&#8230;]<\/p>\n<p><a class=\"btn btn-secondary understrap-read-more-link\" href=\"https:\/\/visitoulufi-2025-10-14_10_27_17.test.cchosting.fi\/fi\/oulun-syksy-2025-9-vinkkia-koe-nama-tapahtumat-elamykset-ja-luontokohteet-oulussa-tana-syksyna\/\">Lue lis\u00e4\u00e4&#8230;<span class=\"screen-reader-text\"> from Oulun syksy 2025 \u2013\u00a09 vinkki\u00e4: koe n\u00e4m\u00e4 tapahtumat, el\u00e4mykset ja luontokohteet Oulussa t\u00e4n\u00e4 syksyn\u00e4!<\/span><\/a><\/p>",
        "protected": false
    },
    "author": 16,
    "featured_media": 11979,
    "comment_status": "closed",
    "ping_status": "open",
    "sticky": false,
    "template": "",
    "format": "standard",
    "meta": {
        "_acf_changed": false,
        "content-type": "",
        "footnotes": ""
    },
    "categories": [
        111
    ],
    "tags": [],
    "coauthors": [
        170
    ],
    "class_list": [
        "post-8155",
        "post",
        "type-post",
        "status-publish",
        "format-standard",
        "has-post-thumbnail",
        "hentry",
        "category-naekoe"
    ],
    "acf": [],
    "yoast_head": "<!-- This site is optimized with the Yoast SEO plugin v26.0 - https:\/\/yoast.com\/wordpress\/plugins\/seo\/ -->\n<title>Oulun syksy 2025 \u2013\u00a09 vinkki\u00e4: koe n\u00e4m\u00e4 tapahtumat, el\u00e4mykset ja luontokohteet Oulussa t\u00e4n\u00e4 syksyn\u00e4! - Visit Oulu<\/title>\n<meta name=\"robots\" content=\"index, follow, max-snippet:-1, max-image-preview:large, max-video-preview:-1\" \/>\n<link rel=\"canonical\" href=\"https:\/\/visitoulufi-2025-10-14_10_27_17.test.cchosting.fi\/fi\/oulun-syksy-2025-9-vinkkia-koe-nama-tapahtumat-elamykset-ja-luontokohteet-oulussa-tana-syksyna\/\" \/>\n<meta property=\"og:locale\" content=\"fi_FI\" \/>\n<meta property=\"og:type\" content=\"article\" \/>\n<meta property=\"og:title\" content=\"Oulun syksy 2025 \u2013\u00a09 vinkki\u00e4: koe n\u00e4m\u00e4 tapahtumat, el\u00e4mykset ja luontokohteet Oulussa t\u00e4n\u00e4 syksyn\u00e4! - Visit Oulu\" \/>\n<meta property=\"og:description\" content=\"Syksyinen Oulu hemmottelee luonnon ja kulttuurin yst\u00e4vi\u00e4! Tulevana syksyn\u00e4 Oulussa nautitaan taiteesta, teatterista ja kulttuuritapahtumista. L\u00e4hiluontokohteet tarjoavat monipuolisia aktiviteetteja retkeilyst\u00e4 maastopy\u00f6r\u00e4ilyyn ja melontaan, ja l\u00f6ytyyp\u00e4 kaupungista rutkasti mukavaa tekemist\u00e4 ja koettavaa lasten kanssa! L\u00f6yd\u00e4t t\u00e4st\u00e4 artikkelista kootusti&nbsp;tapahtuma- ja kulttuurivinkit, syksyiset luontoaktiviteetit&nbsp;sek\u00e4 syyslomavinkit Ouluun lasten kanssa. [...]Lue lis\u00e4\u00e4... from Oulun syksy 2025 \u2013\u00a09 vinkki\u00e4: koe n\u00e4m\u00e4 tapahtumat, el\u00e4mykset ja luontokohteet Oulussa t\u00e4n\u00e4 syksyn\u00e4!\" \/>\n<meta property=\"og:url\" content=\"https:\/\/visitoulufi-2025-10-14_10_27_17.test.cchosting.fi\/fi\/oulun-syksy-2025-9-vinkkia-koe-nama-tapahtumat-elamykset-ja-luontokohteet-oulussa-tana-syksyna\/\" \/>\n<meta property=\"og:site_name\" content=\"Visit Oulu\" \/>\n<meta property=\"article:published_time\" content=\"2024-08-12T14:10:44+00:00\" \/>\n<meta property=\"article:modified_time\" content=\"2025-08-26T08:05:07+00:00\" \/>\n<meta property=\"og:image\" content=\"https:\/\/visitoulufi-2025-10-14_10_27_17.test.cchosting.fi\/wp-content\/uploads\/2025\/08\/VisitOulu_DJI_0715-scaled.jpg\" \/>\n\t<meta property=\"og:image:width\" content=\"2560\" \/>\n\t<meta property=\"og:image:height\" content=\"1705\" \/>\n\t<meta property=\"og:image:type\" content=\"image\/jpeg\" \/>\n<meta name=\"author\" content=\"Martta Tervonen\" \/>\n<meta name=\"twitter:card\" content=\"summary_large_image\" \/>\n<meta name=\"twitter:label1\" content=\"Kirjoittanut\" \/>\n\t<meta name=\"twitter:data1\" content=\"Martta Tervonen\" \/>\n\t<meta name=\"twitter:label2\" content=\"Arvioitu lukuaika\" \/>\n\t<meta name=\"twitter:data2\" content=\"10 minuuttia\" \/>\n\t<meta name=\"twitter:label3\" content=\"Written by\" \/>\n\t<meta name=\"twitter:data3\" content=\"Martta Tervonen\" \/>\n<script type=\"application\/ld+json\" class=\"yoast-schema-graph\">{\"@context\":\"https:\/\/schema.org\",\"@graph\":[{\"@type\":\"WebPage\",\"@id\":\"https:\/\/visitoulufi-2025-10-14_10_27_17.test.cchosting.fi\/oulun-syksy-2025-9-vinkkia-koe-nama-tapahtumat-elamykset-ja-luontokohteet-oulussa-tana-syksyna\/\",\"url\":\"https:\/\/visitoulufi-2025-10-14_10_27_17.test.cchosting.fi\/oulun-syksy-2025-9-vinkkia-koe-nama-tapahtumat-elamykset-ja-luontokohteet-oulussa-tana-syksyna\/\",\"name\":\"Oulun syksy 2025 \u2013\u00a09 vinkki\u00e4: koe n\u00e4m\u00e4 tapahtumat, el\u00e4mykset ja luontokohteet Oulussa t\u00e4n\u00e4 syksyn\u00e4! - Visit Oulu\",\"isPartOf\":{\"@id\":\"https:\/\/visitoulufi-2025-10-14_10_27_17.test.cchosting.fi\/#website\"},\"primaryImageOfPage\":{\"@id\":\"https:\/\/visitoulufi-2025-10-14_10_27_17.test.cchosting.fi\/oulun-syksy-2025-9-vinkkia-koe-nama-tapahtumat-elamykset-ja-luontokohteet-oulussa-tana-syksyna\/#primaryimage\"},\"image\":{\"@id\":\"https:\/\/visitoulufi-2025-10-14_10_27_17.test.cchosting.fi\/oulun-syksy-2025-9-vinkkia-koe-nama-tapahtumat-elamykset-ja-luontokohteet-oulussa-tana-syksyna\/#primaryimage\"},\"thumbnailUrl\":\"https:\/\/visitoulufi-2025-10-14_10_27_17.test.cchosting.fi\/wp-content\/uploads\/2025\/08\/VisitOulu_DJI_0715-scaled.jpg\",\"datePublished\":\"2024-08-12T14:10:44+00:00\",\"dateModified\":\"2025-08-26T08:05:07+00:00\",\"author\":{\"@id\":\"https:\/\/visitoulufi-2025-10-14_10_27_17.test.cchosting.fi\/#\/schema\/person\/e4fa22cddd885815635ef576a4671ea5\"},\"breadcrumb\":{\"@id\":\"https:\/\/visitoulufi-2025-10-14_10_27_17.test.cchosting.fi\/oulun-syksy-2025-9-vinkkia-koe-nama-tapahtumat-elamykset-ja-luontokohteet-oulussa-tana-syksyna\/#breadcrumb\"},\"inLanguage\":\"fi\",\"potentialAction\":[{\"@type\":\"ReadAction\",\"target\":[\"https:\/\/visitoulufi-2025-10-14_10_27_17.test.cchosting.fi\/oulun-syksy-2025-9-vinkkia-koe-nama-tapahtumat-elamykset-ja-luontokohteet-oulussa-tana-syksyna\/\"]}]},{\"@type\":\"ImageObject\",\"inLanguage\":\"fi\",\"@id\":\"https:\/\/visitoulufi-2025-10-14_10_27_17.test.cchosting.fi\/oulun-syksy-2025-9-vinkkia-koe-nama-tapahtumat-elamykset-ja-luontokohteet-oulussa-tana-syksyna\/#primaryimage\",\"url\":\"https:\/\/visitoulufi-2025-10-14_10_27_17.test.cchosting.fi\/wp-content\/uploads\/2025\/08\/VisitOulu_DJI_0715-scaled.jpg\",\"contentUrl\":\"https:\/\/visitoulufi-2025-10-14_10_27_17.test.cchosting.fi\/wp-content\/uploads\/2025\/08\/VisitOulu_DJI_0715-scaled.jpg\",\"width\":2560,\"height\":1705},{\"@type\":\"BreadcrumbList\",\"@id\":\"https:\/\/visitoulufi-2025-10-14_10_27_17.test.cchosting.fi\/oulun-syksy-2025-9-vinkkia-koe-nama-tapahtumat-elamykset-ja-luontokohteet-oulussa-tana-syksyna\/#breadcrumb\",\"itemListElement\":[{\"@type\":\"ListItem\",\"position\":1,\"name\":\"Etusivu\",\"item\":\"https:\/\/visitoulufi-2025-10-14_10_27_17.test.cchosting.fi\/\"},{\"@type\":\"ListItem\",\"position\":2,\"name\":\"Oulun syksy 2025 \u2013\u00a09 vinkki\u00e4: koe n\u00e4m\u00e4 tapahtumat, el\u00e4mykset ja luontokohteet Oulussa t\u00e4n\u00e4 syksyn\u00e4!\"}]},{\"@type\":\"WebSite\",\"@id\":\"https:\/\/visitoulufi-2025-10-14_10_27_17.test.cchosting.fi\/#website\",\"url\":\"https:\/\/visitoulufi-2025-10-14_10_27_17.test.cchosting.fi\/\",\"name\":\"Visit Oulu\",\"description\":\"\",\"potentialAction\":[{\"@type\":\"SearchAction\",\"target\":{\"@type\":\"EntryPoint\",\"urlTemplate\":\"https:\/\/visitoulufi-2025-10-14_10_27_17.test.cchosting.fi\/?s={search_term_string}\"},\"query-input\":{\"@type\":\"PropertyValueSpecification\",\"valueRequired\":true,\"valueName\":\"search_term_string\"}}],\"inLanguage\":\"fi\"},{\"@type\":\"Person\",\"@id\":\"https:\/\/visitoulufi-2025-10-14_10_27_17.test.cchosting.fi\/#\/schema\/person\/e4fa22cddd885815635ef576a4671ea5\",\"name\":\"Martta Tervonen\",\"image\":{\"@type\":\"ImageObject\",\"inLanguage\":\"fi\",\"@id\":\"https:\/\/visitoulufi-2025-10-14_10_27_17.test.cchosting.fi\/#\/schema\/person\/image\/f7518900e54810cb0b6e210276371a2b\",\"url\":\"https:\/\/secure.gravatar.com\/avatar\/5d56cbcb037a03cd27f55c0d517ea5d960decae21472e09ed443ee49b54972e6?s=96&d=mm&r=g\",\"contentUrl\":\"https:\/\/secure.gravatar.com\/avatar\/5d56cbcb037a03cd27f55c0d517ea5d960decae21472e09ed443ee49b54972e6?s=96&d=mm&r=g\",\"caption\":\"Martta Tervonen\"},\"url\":\"https:\/\/visitoulufi-2025-10-14_10_27_17.test.cchosting.fi\/fi\/author\/martta\/\"}]}<\/script>\n<!-- \/ Yoast SEO plugin. -->",
    "yoast_head_json": {
        "title": "Oulun syksy 2025 \u2013\u00a09 vinkki\u00e4: koe n\u00e4m\u00e4 tapahtumat, el\u00e4mykset ja luontokohteet Oulussa t\u00e4n\u00e4 syksyn\u00e4! - Visit Oulu",
        "robots": {
            "index": "index",
            "follow": "follow",
            "max-snippet": "max-snippet:-1",
            "max-image-preview": "max-image-preview:large",
            "max-video-preview": "max-video-preview:-1"
        },
        "canonical": "https:\/\/visitoulufi-2025-10-14_10_27_17.test.cchosting.fi\/fi\/oulun-syksy-2025-9-vinkkia-koe-nama-tapahtumat-elamykset-ja-luontokohteet-oulussa-tana-syksyna\/",
        "og_locale": "fi_FI",
        "og_type": "article",
        "og_title": "Oulun syksy 2025 \u2013\u00a09 vinkki\u00e4: koe n\u00e4m\u00e4 tapahtumat, el\u00e4mykset ja luontokohteet Oulussa t\u00e4n\u00e4 syksyn\u00e4! - Visit Oulu",
        "og_description": "Syksyinen Oulu hemmottelee luonnon ja kulttuurin yst\u00e4vi\u00e4! Tulevana syksyn\u00e4 Oulussa nautitaan taiteesta, teatterista ja kulttuuritapahtumista. L\u00e4hiluontokohteet tarjoavat monipuolisia aktiviteetteja retkeilyst\u00e4 maastopy\u00f6r\u00e4ilyyn ja melontaan, ja l\u00f6ytyyp\u00e4 kaupungista rutkasti mukavaa tekemist\u00e4 ja koettavaa lasten kanssa! L\u00f6yd\u00e4t t\u00e4st\u00e4 artikkelista kootusti&nbsp;tapahtuma- ja kulttuurivinkit, syksyiset luontoaktiviteetit&nbsp;sek\u00e4 syyslomavinkit Ouluun lasten kanssa. [...]Lue lis\u00e4\u00e4... from Oulun syksy 2025 \u2013\u00a09 vinkki\u00e4: koe n\u00e4m\u00e4 tapahtumat, el\u00e4mykset ja luontokohteet Oulussa t\u00e4n\u00e4 syksyn\u00e4!",
        "og_url": "https:\/\/visitoulufi-2025-10-14_10_27_17.test.cchosting.fi\/fi\/oulun-syksy-2025-9-vinkkia-koe-nama-tapahtumat-elamykset-ja-luontokohteet-oulussa-tana-syksyna\/",
        "og_site_name": "Visit Oulu",
        "article_published_time": "2024-08-12T14:10:44+00:00",
        "article_modified_time": "2025-08-26T08:05:07+00:00",
        "og_image": [
            {
                "width": 2560,
                "height": 1705,
                "url": "https:\/\/visitoulufi-2025-10-14_10_27_17.test.cchosting.fi\/wp-content\/uploads\/2025\/08\/VisitOulu_DJI_0715-scaled.jpg",
                "type": "image\/jpeg"
            }
        ],
        "author": "Martta Tervonen",
        "twitter_card": "summary_large_image",
        "twitter_misc": {
            "Kirjoittanut": "Martta Tervonen",
            "Arvioitu lukuaika": "10 minuuttia",
            "Written by": "Martta Tervonen"
        },
        "schema": {
            "@context": "https:\/\/schema.org",
            "@graph": [
                {
                    "@type": "WebPage",
                    "@id": "https:\/\/visitoulufi-2025-10-14_10_27_17.test.cchosting.fi\/oulun-syksy-2025-9-vinkkia-koe-nama-tapahtumat-elamykset-ja-luontokohteet-oulussa-tana-syksyna\/",
                    "url": "https:\/\/visitoulufi-2025-10-14_10_27_17.test.cchosting.fi\/oulun-syksy-2025-9-vinkkia-koe-nama-tapahtumat-elamykset-ja-luontokohteet-oulussa-tana-syksyna\/",
                    "name": "Oulun syksy 2025 \u2013\u00a09 vinkki\u00e4: koe n\u00e4m\u00e4 tapahtumat, el\u00e4mykset ja luontokohteet Oulussa t\u00e4n\u00e4 syksyn\u00e4! - Visit Oulu",
                    "isPartOf": {
                        "@id": "https:\/\/visitoulufi-2025-10-14_10_27_17.test.cchosting.fi\/#website"
                    },
                    "primaryImageOfPage": {
                        "@id": "https:\/\/visitoulufi-2025-10-14_10_27_17.test.cchosting.fi\/oulun-syksy-2025-9-vinkkia-koe-nama-tapahtumat-elamykset-ja-luontokohteet-oulussa-tana-syksyna\/#primaryimage"
                    },
                    "image": {
                        "@id": "https:\/\/visitoulufi-2025-10-14_10_27_17.test.cchosting.fi\/oulun-syksy-2025-9-vinkkia-koe-nama-tapahtumat-elamykset-ja-luontokohteet-oulussa-tana-syksyna\/#primaryimage"
                    },
                    "thumbnailUrl": "https:\/\/visitoulufi-2025-10-14_10_27_17.test.cchosting.fi\/wp-content\/uploads\/2025\/08\/VisitOulu_DJI_0715-scaled.jpg",
                    "datePublished": "2024-08-12T14:10:44+00:00",
                    "dateModified": "2025-08-26T08:05:07+00:00",
                    "author": {
                        "@id": "https:\/\/visitoulufi-2025-10-14_10_27_17.test.cchosting.fi\/#\/schema\/person\/e4fa22cddd885815635ef576a4671ea5"
                    },
                    "breadcrumb": {
                        "@id": "https:\/\/visitoulufi-2025-10-14_10_27_17.test.cchosting.fi\/oulun-syksy-2025-9-vinkkia-koe-nama-tapahtumat-elamykset-ja-luontokohteet-oulussa-tana-syksyna\/#breadcrumb"
                    },
                    "inLanguage": "fi",
                    "potentialAction": [
                        {
                            "@type": "ReadAction",
                            "target": [
                                "https:\/\/visitoulufi-2025-10-14_10_27_17.test.cchosting.fi\/oulun-syksy-2025-9-vinkkia-koe-nama-tapahtumat-elamykset-ja-luontokohteet-oulussa-tana-syksyna\/"
                            ]
                        }
                    ]
                },
                {
                    "@type": "ImageObject",
                    "inLanguage": "fi",
                    "@id": "https:\/\/visitoulufi-2025-10-14_10_27_17.test.cchosting.fi\/oulun-syksy-2025-9-vinkkia-koe-nama-tapahtumat-elamykset-ja-luontokohteet-oulussa-tana-syksyna\/#primaryimage",
                    "url": "https:\/\/visitoulufi-2025-10-14_10_27_17.test.cchosting.fi\/wp-content\/uploads\/2025\/08\/VisitOulu_DJI_0715-scaled.jpg",
                    "contentUrl": "https:\/\/visitoulufi-2025-10-14_10_27_17.test.cchosting.fi\/wp-content\/uploads\/2025\/08\/VisitOulu_DJI_0715-scaled.jpg",
                    "width": 2560,
                    "height": 1705
                },
                {
                    "@type": "BreadcrumbList",
                    "@id": "https:\/\/visitoulufi-2025-10-14_10_27_17.test.cchosting.fi\/oulun-syksy-2025-9-vinkkia-koe-nama-tapahtumat-elamykset-ja-luontokohteet-oulussa-tana-syksyna\/#breadcrumb",
                    "itemListElement": [
                        {
                            "@type": "ListItem",
                            "position": 1,
                            "name": "Etusivu",
                            "item": "https:\/\/visitoulufi-2025-10-14_10_27_17.test.cchosting.fi\/"
                        },
                        {
                            "@type": "ListItem",
                            "position": 2,
                            "name": "Oulun syksy 2025 \u2013\u00a09 vinkki\u00e4: koe n\u00e4m\u00e4 tapahtumat, el\u00e4mykset ja luontokohteet Oulussa t\u00e4n\u00e4 syksyn\u00e4!"
                        }
                    ]
                },
                {
                    "@type": "WebSite",
                    "@id": "https:\/\/visitoulufi-2025-10-14_10_27_17.test.cchosting.fi\/#website",
                    "url": "https:\/\/visitoulufi-2025-10-14_10_27_17.test.cchosting.fi\/",
                    "name": "Visit Oulu",
                    "description": "",
                    "potentialAction": [
                        {
                            "@type": "SearchAction",
                            "target": {
                                "@type": "EntryPoint",
                                "urlTemplate": "https:\/\/visitoulufi-2025-10-14_10_27_17.test.cchosting.fi\/?s={search_term_string}"
                            },
                            "query-input": {
                                "@type": "PropertyValueSpecification",
                                "valueRequired": true,
                                "valueName": "search_term_string"
                            }
                        }
                    ],
                    "inLanguage": "fi"
                },
                {
                    "@type": "Person",
                    "@id": "https:\/\/visitoulufi-2025-10-14_10_27_17.test.cchosting.fi\/#\/schema\/person\/e4fa22cddd885815635ef576a4671ea5",
                    "name": "Martta Tervonen",
                    "image": {
                        "@type": "ImageObject",
                        "inLanguage": "fi",
                        "@id": "https:\/\/visitoulufi-2025-10-14_10_27_17.test.cchosting.fi\/#\/schema\/person\/image\/f7518900e54810cb0b6e210276371a2b",
                        "url": "https:\/\/secure.gravatar.com\/avatar\/5d56cbcb037a03cd27f55c0d517ea5d960decae21472e09ed443ee49b54972e6?s=96&d=mm&r=g",
                        "contentUrl": "https:\/\/secure.gravatar.com\/avatar\/5d56cbcb037a03cd27f55c0d517ea5d960decae21472e09ed443ee49b54972e6?s=96&d=mm&r=g",
                        "caption": "Martta Tervonen"
                    },
                    "url": "https:\/\/visitoulufi-2025-10-14_10_27_17.test.cchosting.fi\/fi\/author\/martta\/"
                }
            ]
        }
    },
    "_links": {
        "self": [
            {
                "href": "https:\/\/visitoulufi-2025-10-14_10_27_17.test.cchosting.fi\/fi\/wp-json\/wp\/v2\/posts\/8155",
                "targetHints": {
                    "allow": [
                        "GET"
                    ]
                }
            }
        ],
        "collection": [
            {
                "href": "https:\/\/visitoulufi-2025-10-14_10_27_17.test.cchosting.fi\/fi\/wp-json\/wp\/v2\/posts"
            }
        ],
        "about": [
            {
                "href": "https:\/\/visitoulufi-2025-10-14_10_27_17.test.cchosting.fi\/fi\/wp-json\/wp\/v2\/types\/post"
            }
        ],
        "author": [
            {
                "embeddable": true,
                "href": "https:\/\/visitoulufi-2025-10-14_10_27_17.test.cchosting.fi\/fi\/wp-json\/wp\/v2\/users\/16"
            }
        ],
        "replies": [
            {
                "embeddable": true,
                "href": "https:\/\/visitoulufi-2025-10-14_10_27_17.test.cchosting.fi\/fi\/wp-json\/wp\/v2\/comments?post=8155"
            }
        ],
        "version-history": [
            {
                "count": 145,
                "href": "https:\/\/visitoulufi-2025-10-14_10_27_17.test.cchosting.fi\/fi\/wp-json\/wp\/v2\/posts\/8155\/revisions"
            }
        ],
        "predecessor-version": [
            {
                "id": 11989,
                "href": "https:\/\/visitoulufi-2025-10-14_10_27_17.test.cchosting.fi\/fi\/wp-json\/wp\/v2\/posts\/8155\/revisions\/11989"
            }
        ],
        "wp:featuredmedia": [
            {
                "embeddable": true,
                "href": "https:\/\/visitoulufi-2025-10-14_10_27_17.test.cchosting.fi\/fi\/wp-json\/wp\/v2\/media\/11979"
            }
        ],
        "wp:attachment": [
            {
                "href": "https:\/\/visitoulufi-2025-10-14_10_27_17.test.cchosting.fi\/fi\/wp-json\/wp\/v2\/media?parent=8155"
            }
        ],
        "wp:term": [
            {
                "taxonomy": "category",
                "embeddable": true,
                "href": "https:\/\/visitoulufi-2025-10-14_10_27_17.test.cchosting.fi\/fi\/wp-json\/wp\/v2\/categories?post=8155"
            },
            {
                "taxonomy": "post_tag",
                "embeddable": true,
                "href": "https:\/\/visitoulufi-2025-10-14_10_27_17.test.cchosting.fi\/fi\/wp-json\/wp\/v2\/tags?post=8155"
            },
            {
                "taxonomy": "author",
                "embeddable": true,
                "href": "https:\/\/visitoulufi-2025-10-14_10_27_17.test.cchosting.fi\/fi\/wp-json\/wp\/v2\/coauthors?post=8155"
            }
        ],
        "curies": [
            {
                "name": "wp",
                "href": "https:\/\/api.w.org\/{rel}",
                "templated": true
            }
        ]
    }
}